{"id":1805,"date":"2026-04-11T17:00:50","date_gmt":"2026-04-11T17:00:50","guid":{"rendered":"https:\/\/araminta-advisers.eu\/let-them-move-why-the-eu-must-prioritize-human-rights-defenders-mobility\/"},"modified":"2026-04-23T02:45:19","modified_gmt":"2026-04-23T02:45:19","slug":"menschenrechte-mobil-warum-die-eu-jetzt-handeln-muss","status":"publish","type":"post","link":"https:\/\/araminta-advisers.eu\/de\/menschenrechte-mobil-warum-die-eu-jetzt-handeln-muss\/","title":{"rendered":"Menschenrechte mobil: Warum die EU jetzt handeln muss"},"content":{"rendered":"\n<p class=\"has-small-font-size\">Von Evgeny Shtorn<\/p>\n\n\n\n<p><em><strong>Mit der kommenden irischen EU-Ratspr\u00e4sidentschaft und einer vollen Agenda in Br\u00fcssel zu Demokratie und Sicherheit steht Europa vor einer Richtungsentscheidung: Bleibt es bei Bekenntnissen zu Menschenrechten \u2013 oder folgen endlich konkrete Schritte? Jetzt werden die Priorit\u00e4ten gesetzt, die die n\u00e4chste Phase der Au\u00dfenpolitik der Europ\u00e4ische Union pr\u00e4gen. Die Mobilit\u00e4t von Menschenrechtsverteidigern r\u00fcckt dabei ins Zentrum.<br><br><\/strong><\/em>W\u00e4hrend die EU ihre Strategische Agenda 2024\u20132029 umsetzt, wird eines immer deutlicher: Autorit\u00e4re Regime gewinnen an Boden, und der Raum f\u00fcr Zivilgesellschaft schrumpft rapide. In dieser Lage sind Menschenrechtsverteidiger oft die ersten, die auf Missst\u00e4nde hinweisen \u2013 und die letzten, die demokratische Werte verteidigen. Sie riskieren ihre Freiheit, oft ihr Leben, um Macht zur Rechenschaft zu ziehen. <\/p>\n\n\n\n<p>Die EU versteht sich als globale Stimme f\u00fcr Menschenrechte. Wenn das mehr sein soll als ein Anspruch, muss sie die Mobilit\u00e4t von Menschenrechtsverteidigern als das begreifen, was sie ist: keine Geste, sondern eine strategische Notwendigkeit. <\/p>\n\n\n\n<p>Seit Jahren liefern sie der EU entscheidende Hinweise: Sie dokumentieren Verbrechen, decken Korruption auf und widersprechen staatlicher Repression. Sie st\u00e4rken demokratische Strukturen, helfen, Krisen fr\u00fch zu erkennen, und tragen zur Stabilisierung nach Konflikten bei. Trotzdem bleiben viele von ihnen handlungsunf\u00e4hig \u2013 ausgebremst durch B\u00fcrokratie oder fehlenden politischen Willen. Das ist ein Risiko f\u00fcr Europas Sicherheit und ein Versagen seiner Politik.   <\/p>\n\n\n\n<h4 class=\"wp-block-heading\"><strong>Mehr als eine moralische Verpflichtung<\/strong><\/h4>\n\n\n\n<p>Die Strategische Agenda der EU und die politischen Leitlinien der Europ\u00e4ischen Kommission stellen Demokratie, Sicherheit und Rechtsstaatlichkeit ins Zentrum. Doch ohne konkrete Instrumente bleiben diese Ziele abstrakt. Eine Politik, die die Mobilit\u00e4t von Menschenrechtsverteidigern als notwendige Grundlage zur St\u00e4rkung von Demokratie versteht, fehlt bisher. <\/p>\n\n\n\n<p><a href=\"https:\/\/araminta-advisers.eu\/de\/projects\/eu-richtlinie-zum-schutz-von-menschenrechtsverteidigerinnen\/\">Sichere Zugangswege<\/a> \u2013 etwa beschleunigte Visa oder Programme f\u00fcr tempor\u00e4ren Schutz \u2013 sind keine Frage von Gro\u00dfz\u00fcgigkeit. Sie liegen im eigenen Interesse Europas. Autorit\u00e4re Entwicklungen in der Nachbarschaft betreffen die EU unmittelbar. Wenn Menschenrechtsverteidiger Schutz finden und ihre Arbeit im Exil fortsetzen k\u00f6nnen, st\u00e4rkt das Netzwerke, Wissenstransfer und politischen Einfluss.<br><br>Man denke an Georgien, Venezuela oder Afghanistan: Wenn unabh\u00e4ngige Stimmen vor Ort verstummen, bleibt oft nur das Exil. Wer diesen Weg versperrt, bleibt nicht neutral \u2013 er nimmt Repression in Kauf.<br><br><strong>Ein Faktor f\u00fcr Sicherheit und Stabilit\u00e4t<\/strong><\/p>\n\n\n\n<p>Eines ist klar: Menschenrechtsverteidiger sind mehr als Beobachter. Sie tragen zur Stabilit\u00e4t bei. In Konflikten liefern sie oft die ersten verl\u00e4sslichen Informationen \u00fcber Menschenrechtsverletzungen \u2013 lange bevor internationale Reaktionen einsetzen. Ihre Einsch\u00e4tzungen k\u00f6nnen politische Entscheidungen der EU beeinflussen, von Sanktionen bis zu Friedensprozessen. Ohne sie fehlt ein wichtiger Teil der Lageeinsch\u00e4tzung.    <\/p>\n\n\n\n<p>Zugleich st\u00e4rkt ihr Engagement im Exil zivilgesellschaftliche Netzwerke \u00fcber Grenzen hinweg und schafft Verbindungen zu Diaspora-Communities. Ihr Schutz erh\u00f6ht die Glaubw\u00fcrdigkeit der EU und erweitert ihren Handlungsspielraum in geopolitisch wichtigen Regionen. <\/p>\n\n\n\n<h4 class=\"wp-block-heading\"><strong>Ein Test f\u00fcr Glaubw\u00fcrdigkeit<\/strong><\/h4>\n\n\n\n<p>Die EU spricht oft von Werten. Doch ohne konkrete Ma\u00dfnahmen bleiben diese Worte leer. Die Mobilit\u00e4t von Menschenrechtsverteidigern muss deshalb fester Bestandteil der Au\u00dfenpolitik werden. Sichere rechtliche Wege sollten in Migrations- und Asylpolitik verankert, in Partnerschaften ber\u00fccksichtigt und finanziell abgesichert werden.   <br><br>Gleichzeitig braucht es abgestimmte Verfahren in den Mitgliedstaaten. Derzeit dominiert ein un\u00fcbersichtliches Nebeneinander von Einzelregelungen. Das sendet ein problematisches Signal: Wer sich f\u00fcr Demokratie einsetzt, geht ein hohes Risiko ein \u2013 und kann nicht sicher sein, ob Europa Unterst\u00fctzung bietet.<\/p>\n\n\n\n<p>In einer Welt, in der Rechtsstaatlichkeit unter Druck steht und die EU ihre geopolitische Rolle st\u00e4rken will, darf sie Menschenrechtsverteidiger nicht l\u00e4nger als Randthema behandeln. Ihre Mobilit\u00e4t muss politische Priorit\u00e4t werden.<\/p>\n\n\n\n<p>Das ist nicht nur konsequente Au\u00dfenpolitik. Es liegt im eigenen Interesse Europas.<\/p>\n\n\n\n<p>Wenn die EU das n\u00e4chste Mal \u00fcber globale Herausforderungen ber\u00e4t, sollte eine Frage im Raum stehen: Was tun wir konkret f\u00fcr diejenigen, die ihr Leben f\u00fcr unsere gemeinsamen Werte riskieren? Wenn die Antwort nicht \u00fcberzeugt, ist klar, was zu tun ist. <\/p>\n\n\n\n<hr class=\"wp-block-separator has-alpha-channel-opacity\"\/>\n\n\n\n<div class=\"wp-block-columns is-layout-flex wp-container-core-columns-is-layout-9d6595d7 wp-block-columns-is-layout-flex\">\n<div class=\"wp-block-column is-layout-flow wp-block-column-is-layout-flow\" style=\"flex-basis:25%\"><div class=\"wp-block-image is-style-rounded\">\n<figure class=\"alignright size-full is-resized\"><img loading=\"lazy\" decoding=\"async\" width=\"1000\" height=\"1000\" src=\"https:\/\/araminta-advisers.eu\/wp-content\/uploads\/2025\/07\/Araminta-Staff-2.jpg\" alt=\"\" class=\"wp-image-628\" style=\"width:122px;height:auto\" srcset=\"https:\/\/araminta-advisers.eu\/wp-content\/uploads\/2025\/07\/Araminta-Staff-2.jpg 1000w, https:\/\/araminta-advisers.eu\/wp-content\/uploads\/2025\/07\/Araminta-Staff-2-150x150.jpg 150w, https:\/\/araminta-advisers.eu\/wp-content\/uploads\/2025\/07\/Araminta-Staff-2-300x300.jpg 300w, https:\/\/araminta-advisers.eu\/wp-content\/uploads\/2025\/07\/Araminta-Staff-2-768x768.jpg 768w, https:\/\/araminta-advisers.eu\/wp-content\/uploads\/2025\/07\/Araminta-Staff-2-360x360.jpg 360w\" sizes=\"auto, (max-width: 1000px) 100vw, 1000px\" \/><\/figure>\n<\/div><\/div>\n\n\n\n<div class=\"wp-block-column is-layout-flow wp-block-column-is-layout-flow\" style=\"flex-basis:50%\">\n<p class=\"has-small-font-size\"><em><em><a href=\"https:\/\/araminta-advisers.eu\/de\/team\/evgeny-shtorn\/\" target=\"_blank\" rel=\"noreferrer noopener\">Evgeny Shtorn<\/a><\/em> ist Programmreferent f\u00fcr Rapid Response und Advocacy bei Araminta und setzt sich dort f\u00fcr die Mobilit\u00e4t und den Schutz von Menschenrechtsverteidigern weltweit ein. Als langj\u00e4hriger Aktivist f\u00fcr LGBTIQ+-Rechte und weitere Menschenrechte hat er selbst Staatenlosigkeit und Exil erlebt und ist heute irischer Staatsb\u00fcrger. Er arbeitet f\u00fcr eine in Deutschland ans\u00e4ssige Organisation und promoviert daneben an der Universit\u00e4t Helsinki zu Gewalt gegen LGBTIQ+-Personen in Russland.  <\/em><\/p>\n<\/div>\n\n\n\n<div class=\"wp-block-column is-layout-flow wp-block-column-is-layout-flow\" style=\"flex-basis:25%\"><\/div>\n<\/div>\n","protected":false},"excerpt":{"rendered":"<p>Von Evgeny Shtorn Mit der kommenden irischen EU-Ratspr\u00e4sidentschaft und einer vollen Agenda in Br\u00fcssel zu Demokratie und Sicherheit steht Europa&#8230;<\/p>\n<a href=\"https:\/\/araminta-advisers.eu\/de\/menschenrechte-mobil-warum-die-eu-jetzt-handeln-muss\/\" class=\"btn btn-primary\">Read More<\/a>","protected":false},"author":3,"featured_media":1804,"comment_status":"open","ping_status":"open","sticky":false,"template":"","format":"standard","meta":{"footnotes":""},"categories":[223,224],"tags":[],"class_list":["post-1805","post","type-post","status-publish","format-standard","has-post-thumbnail","hentry","category-erklarungen","category-meinungen"],"acf":[],"yoast_head":"<!-- This site is optimized with the Yoast SEO plugin v27.5 - https:\/\/yoast.com\/product\/yoast-seo-wordpress\/ -->\n<title>TTitle<\/title>\n<meta name=\"description\" content=\"Die Mobilit\u00e4t von Menschenrechtsverteidigern in der Europ\u00e4ische Union ist entscheidend f\u00fcr Demokratie und Sicherheit. Warum Europa jetzt handeln muss, um Zivilgesellschaft und globale Stabilit\u00e4t zu sch\u00fctzen.\" \/>\n<meta name=\"robots\" content=\"index, follow, max-snippet:-1, max-image-preview:large, max-video-preview:-1\" \/>\n<link rel=\"canonical\" href=\"https:\/\/araminta-advisers.eu\/de\/menschenrechte-mobil-warum-die-eu-jetzt-handeln-muss\/\" \/>\n<meta property=\"og:locale\" content=\"de_DE\" \/>\n<meta property=\"og:type\" content=\"article\" \/>\n<meta property=\"og:title\" content=\"TTitle\" \/>\n<meta property=\"og:description\" content=\"Die Mobilit\u00e4t von Menschenrechtsverteidigern in der Europ\u00e4ische Union ist entscheidend f\u00fcr Demokratie und Sicherheit. Warum Europa jetzt handeln muss, um Zivilgesellschaft und globale Stabilit\u00e4t zu sch\u00fctzen.\" \/>\n<meta property=\"og:url\" content=\"https:\/\/araminta-advisers.eu\/de\/menschenrechte-mobil-warum-die-eu-jetzt-handeln-muss\/\" \/>\n<meta property=\"og:site_name\" content=\"Araminta\" \/>\n<meta property=\"article:published_time\" content=\"2026-04-11T17:00:50+00:00\" \/>\n<meta property=\"article:modified_time\" content=\"2026-04-23T02:45:19+00:00\" \/>\n<meta property=\"og:image\" content=\"https:\/\/araminta-advisers.eu\/wp-content\/uploads\/2026\/04\/HRD-mobility-1-1024x683.png\" \/>\n\t<meta property=\"og:image:width\" content=\"1024\" \/>\n\t<meta property=\"og:image:height\" content=\"683\" \/>\n\t<meta property=\"og:image:type\" content=\"image\/png\" \/>\n<meta name=\"author\" content=\"ama\" \/>\n<meta name=\"twitter:card\" content=\"summary_large_image\" \/>\n<meta name=\"twitter:label1\" content=\"Verfasst von\" \/>\n\t<meta name=\"twitter:data1\" content=\"ama\" \/>\n\t<meta name=\"twitter:label2\" content=\"Gesch\u00e4tzte Lesezeit\" \/>\n\t<meta name=\"twitter:data2\" content=\"5\u00a0Minuten\" \/>\n<script type=\"application\/ld+json\" class=\"yoast-schema-graph\">{\"@context\":\"https:\\\/\\\/schema.org\",\"@graph\":[{\"@type\":\"Article\",\"@id\":\"https:\\\/\\\/araminta-advisers.eu\\\/de\\\/menschenrechte-mobil-warum-die-eu-jetzt-handeln-muss\\\/#article\",\"isPartOf\":{\"@id\":\"https:\\\/\\\/araminta-advisers.eu\\\/de\\\/menschenrechte-mobil-warum-die-eu-jetzt-handeln-muss\\\/\"},\"author\":{\"name\":\"ama\",\"@id\":\"https:\\\/\\\/araminta-advisers.eu\\\/de\\\/#\\\/schema\\\/person\\\/fcacd863f3fe7d84b416e37d9289eabe\"},\"headline\":\"Menschenrechte mobil: Warum die EU jetzt handeln muss\",\"datePublished\":\"2026-04-11T17:00:50+00:00\",\"dateModified\":\"2026-04-23T02:45:19+00:00\",\"mainEntityOfPage\":{\"@id\":\"https:\\\/\\\/araminta-advisers.eu\\\/de\\\/menschenrechte-mobil-warum-die-eu-jetzt-handeln-muss\\\/\"},\"wordCount\":732,\"commentCount\":0,\"publisher\":{\"@id\":\"https:\\\/\\\/araminta-advisers.eu\\\/de\\\/#organization\"},\"image\":{\"@id\":\"https:\\\/\\\/araminta-advisers.eu\\\/de\\\/menschenrechte-mobil-warum-die-eu-jetzt-handeln-muss\\\/#primaryimage\"},\"thumbnailUrl\":\"https:\\\/\\\/araminta-advisers.eu\\\/wp-content\\\/uploads\\\/2026\\\/04\\\/HRD-mobility-1.png\",\"articleSection\":[\"Erkl\u00e4rungen\",\"Meinungen\"],\"inLanguage\":\"de\",\"potentialAction\":[{\"@type\":\"CommentAction\",\"name\":\"Comment\",\"target\":[\"https:\\\/\\\/araminta-advisers.eu\\\/de\\\/menschenrechte-mobil-warum-die-eu-jetzt-handeln-muss\\\/#respond\"]}]},{\"@type\":\"WebPage\",\"@id\":\"https:\\\/\\\/araminta-advisers.eu\\\/de\\\/menschenrechte-mobil-warum-die-eu-jetzt-handeln-muss\\\/\",\"url\":\"https:\\\/\\\/araminta-advisers.eu\\\/de\\\/menschenrechte-mobil-warum-die-eu-jetzt-handeln-muss\\\/\",\"name\":\"TTitle\",\"isPartOf\":{\"@id\":\"https:\\\/\\\/araminta-advisers.eu\\\/de\\\/#website\"},\"primaryImageOfPage\":{\"@id\":\"https:\\\/\\\/araminta-advisers.eu\\\/de\\\/menschenrechte-mobil-warum-die-eu-jetzt-handeln-muss\\\/#primaryimage\"},\"image\":{\"@id\":\"https:\\\/\\\/araminta-advisers.eu\\\/de\\\/menschenrechte-mobil-warum-die-eu-jetzt-handeln-muss\\\/#primaryimage\"},\"thumbnailUrl\":\"https:\\\/\\\/araminta-advisers.eu\\\/wp-content\\\/uploads\\\/2026\\\/04\\\/HRD-mobility-1.png\",\"datePublished\":\"2026-04-11T17:00:50+00:00\",\"dateModified\":\"2026-04-23T02:45:19+00:00\",\"description\":\"Die Mobilit\u00e4t von Menschenrechtsverteidigern in der Europ\u00e4ische Union ist entscheidend f\u00fcr Demokratie und Sicherheit. Warum Europa jetzt handeln muss, um Zivilgesellschaft und globale Stabilit\u00e4t zu sch\u00fctzen.\",\"breadcrumb\":{\"@id\":\"https:\\\/\\\/araminta-advisers.eu\\\/de\\\/menschenrechte-mobil-warum-die-eu-jetzt-handeln-muss\\\/#breadcrumb\"},\"inLanguage\":\"de\",\"potentialAction\":[{\"@type\":\"ReadAction\",\"target\":[\"https:\\\/\\\/araminta-advisers.eu\\\/de\\\/menschenrechte-mobil-warum-die-eu-jetzt-handeln-muss\\\/\"]}]},{\"@type\":\"ImageObject\",\"inLanguage\":\"de\",\"@id\":\"https:\\\/\\\/araminta-advisers.eu\\\/de\\\/menschenrechte-mobil-warum-die-eu-jetzt-handeln-muss\\\/#primaryimage\",\"url\":\"https:\\\/\\\/araminta-advisers.eu\\\/wp-content\\\/uploads\\\/2026\\\/04\\\/HRD-mobility-1.png\",\"contentUrl\":\"https:\\\/\\\/araminta-advisers.eu\\\/wp-content\\\/uploads\\\/2026\\\/04\\\/HRD-mobility-1.png\",\"width\":1536,\"height\":1024},{\"@type\":\"BreadcrumbList\",\"@id\":\"https:\\\/\\\/araminta-advisers.eu\\\/de\\\/menschenrechte-mobil-warum-die-eu-jetzt-handeln-muss\\\/#breadcrumb\",\"itemListElement\":[{\"@type\":\"ListItem\",\"position\":1,\"name\":\"Home\",\"item\":\"https:\\\/\\\/araminta-advisers.eu\\\/de\\\/\"},{\"@type\":\"ListItem\",\"position\":2,\"name\":\"Menschenrechte mobil: Warum die EU jetzt handeln muss\"}]},{\"@type\":\"WebSite\",\"@id\":\"https:\\\/\\\/araminta-advisers.eu\\\/de\\\/#website\",\"url\":\"https:\\\/\\\/araminta-advisers.eu\\\/de\\\/\",\"name\":\"Araminta\",\"description\":\"\",\"publisher\":{\"@id\":\"https:\\\/\\\/araminta-advisers.eu\\\/de\\\/#organization\"},\"potentialAction\":[{\"@type\":\"SearchAction\",\"target\":{\"@type\":\"EntryPoint\",\"urlTemplate\":\"https:\\\/\\\/araminta-advisers.eu\\\/de\\\/?s={search_term_string}\"},\"query-input\":{\"@type\":\"PropertyValueSpecification\",\"valueRequired\":true,\"valueName\":\"search_term_string\"}}],\"inLanguage\":\"de\"},{\"@type\":\"Organization\",\"@id\":\"https:\\\/\\\/araminta-advisers.eu\\\/de\\\/#organization\",\"name\":\"Araminta\",\"url\":\"https:\\\/\\\/araminta-advisers.eu\\\/de\\\/\",\"logo\":{\"@type\":\"ImageObject\",\"inLanguage\":\"de\",\"@id\":\"https:\\\/\\\/araminta-advisers.eu\\\/de\\\/#\\\/schema\\\/logo\\\/image\\\/\",\"url\":\"https:\\\/\\\/araminta-advisers.eu\\\/wp-content\\\/uploads\\\/2025\\\/04\\\/araminta-logo-green.png\",\"contentUrl\":\"https:\\\/\\\/araminta-advisers.eu\\\/wp-content\\\/uploads\\\/2025\\\/04\\\/araminta-logo-green.png\",\"width\":1171,\"height\":283,\"caption\":\"Araminta\"},\"image\":{\"@id\":\"https:\\\/\\\/araminta-advisers.eu\\\/de\\\/#\\\/schema\\\/logo\\\/image\\\/\"}},{\"@type\":\"Person\",\"@id\":\"https:\\\/\\\/araminta-advisers.eu\\\/de\\\/#\\\/schema\\\/person\\\/fcacd863f3fe7d84b416e37d9289eabe\",\"name\":\"ama\",\"image\":{\"@type\":\"ImageObject\",\"inLanguage\":\"de\",\"@id\":\"https:\\\/\\\/secure.gravatar.com\\\/avatar\\\/de7f0d6eb2b5ff3b5520d371cb9b7037f041c95d658a8f59142e6905f452da37?s=96&d=mm&r=g\",\"url\":\"https:\\\/\\\/secure.gravatar.com\\\/avatar\\\/de7f0d6eb2b5ff3b5520d371cb9b7037f041c95d658a8f59142e6905f452da37?s=96&d=mm&r=g\",\"contentUrl\":\"https:\\\/\\\/secure.gravatar.com\\\/avatar\\\/de7f0d6eb2b5ff3b5520d371cb9b7037f041c95d658a8f59142e6905f452da37?s=96&d=mm&r=g\",\"caption\":\"ama\"},\"url\":\"https:\\\/\\\/araminta-advisers.eu\\\/de\\\/author\\\/ama\\\/\"}]}<\/script>\n<!-- \/ Yoast SEO plugin. -->","yoast_head_json":{"title":"TTitle","description":"Die Mobilit\u00e4t von Menschenrechtsverteidigern in der Europ\u00e4ische Union ist entscheidend f\u00fcr Demokratie und Sicherheit. Warum Europa jetzt handeln muss, um Zivilgesellschaft und globale Stabilit\u00e4t zu sch\u00fctzen.","robots":{"index":"index","follow":"follow","max-snippet":"max-snippet:-1","max-image-preview":"max-image-preview:large","max-video-preview":"max-video-preview:-1"},"canonical":"https:\/\/araminta-advisers.eu\/de\/menschenrechte-mobil-warum-die-eu-jetzt-handeln-muss\/","og_locale":"de_DE","og_type":"article","og_title":"TTitle","og_description":"Die Mobilit\u00e4t von Menschenrechtsverteidigern in der Europ\u00e4ische Union ist entscheidend f\u00fcr Demokratie und Sicherheit. Warum Europa jetzt handeln muss, um Zivilgesellschaft und globale Stabilit\u00e4t zu sch\u00fctzen.","og_url":"https:\/\/araminta-advisers.eu\/de\/menschenrechte-mobil-warum-die-eu-jetzt-handeln-muss\/","og_site_name":"Araminta","article_published_time":"2026-04-11T17:00:50+00:00","article_modified_time":"2026-04-23T02:45:19+00:00","og_image":[{"width":1024,"height":683,"url":"https:\/\/araminta-advisers.eu\/wp-content\/uploads\/2026\/04\/HRD-mobility-1-1024x683.png","type":"image\/png"}],"author":"ama","twitter_card":"summary_large_image","twitter_misc":{"Verfasst von":"ama","Gesch\u00e4tzte Lesezeit":"5\u00a0Minuten"},"schema":{"@context":"https:\/\/schema.org","@graph":[{"@type":"Article","@id":"https:\/\/araminta-advisers.eu\/de\/menschenrechte-mobil-warum-die-eu-jetzt-handeln-muss\/#article","isPartOf":{"@id":"https:\/\/araminta-advisers.eu\/de\/menschenrechte-mobil-warum-die-eu-jetzt-handeln-muss\/"},"author":{"name":"ama","@id":"https:\/\/araminta-advisers.eu\/de\/#\/schema\/person\/fcacd863f3fe7d84b416e37d9289eabe"},"headline":"Menschenrechte mobil: Warum die EU jetzt handeln muss","datePublished":"2026-04-11T17:00:50+00:00","dateModified":"2026-04-23T02:45:19+00:00","mainEntityOfPage":{"@id":"https:\/\/araminta-advisers.eu\/de\/menschenrechte-mobil-warum-die-eu-jetzt-handeln-muss\/"},"wordCount":732,"commentCount":0,"publisher":{"@id":"https:\/\/araminta-advisers.eu\/de\/#organization"},"image":{"@id":"https:\/\/araminta-advisers.eu\/de\/menschenrechte-mobil-warum-die-eu-jetzt-handeln-muss\/#primaryimage"},"thumbnailUrl":"https:\/\/araminta-advisers.eu\/wp-content\/uploads\/2026\/04\/HRD-mobility-1.png","articleSection":["Erkl\u00e4rungen","Meinungen"],"inLanguage":"de","potentialAction":[{"@type":"CommentAction","name":"Comment","target":["https:\/\/araminta-advisers.eu\/de\/menschenrechte-mobil-warum-die-eu-jetzt-handeln-muss\/#respond"]}]},{"@type":"WebPage","@id":"https:\/\/araminta-advisers.eu\/de\/menschenrechte-mobil-warum-die-eu-jetzt-handeln-muss\/","url":"https:\/\/araminta-advisers.eu\/de\/menschenrechte-mobil-warum-die-eu-jetzt-handeln-muss\/","name":"TTitle","isPartOf":{"@id":"https:\/\/araminta-advisers.eu\/de\/#website"},"primaryImageOfPage":{"@id":"https:\/\/araminta-advisers.eu\/de\/menschenrechte-mobil-warum-die-eu-jetzt-handeln-muss\/#primaryimage"},"image":{"@id":"https:\/\/araminta-advisers.eu\/de\/menschenrechte-mobil-warum-die-eu-jetzt-handeln-muss\/#primaryimage"},"thumbnailUrl":"https:\/\/araminta-advisers.eu\/wp-content\/uploads\/2026\/04\/HRD-mobility-1.png","datePublished":"2026-04-11T17:00:50+00:00","dateModified":"2026-04-23T02:45:19+00:00","description":"Die Mobilit\u00e4t von Menschenrechtsverteidigern in der Europ\u00e4ische Union ist entscheidend f\u00fcr Demokratie und Sicherheit. Warum Europa jetzt handeln muss, um Zivilgesellschaft und globale Stabilit\u00e4t zu sch\u00fctzen.","breadcrumb":{"@id":"https:\/\/araminta-advisers.eu\/de\/menschenrechte-mobil-warum-die-eu-jetzt-handeln-muss\/#breadcrumb"},"inLanguage":"de","potentialAction":[{"@type":"ReadAction","target":["https:\/\/araminta-advisers.eu\/de\/menschenrechte-mobil-warum-die-eu-jetzt-handeln-muss\/"]}]},{"@type":"ImageObject","inLanguage":"de","@id":"https:\/\/araminta-advisers.eu\/de\/menschenrechte-mobil-warum-die-eu-jetzt-handeln-muss\/#primaryimage","url":"https:\/\/araminta-advisers.eu\/wp-content\/uploads\/2026\/04\/HRD-mobility-1.png","contentUrl":"https:\/\/araminta-advisers.eu\/wp-content\/uploads\/2026\/04\/HRD-mobility-1.png","width":1536,"height":1024},{"@type":"BreadcrumbList","@id":"https:\/\/araminta-advisers.eu\/de\/menschenrechte-mobil-warum-die-eu-jetzt-handeln-muss\/#breadcrumb","itemListElement":[{"@type":"ListItem","position":1,"name":"Home","item":"https:\/\/araminta-advisers.eu\/de\/"},{"@type":"ListItem","position":2,"name":"Menschenrechte mobil: Warum die EU jetzt handeln muss"}]},{"@type":"WebSite","@id":"https:\/\/araminta-advisers.eu\/de\/#website","url":"https:\/\/araminta-advisers.eu\/de\/","name":"Araminta","description":"","publisher":{"@id":"https:\/\/araminta-advisers.eu\/de\/#organization"},"potentialAction":[{"@type":"SearchAction","target":{"@type":"EntryPoint","urlTemplate":"https:\/\/araminta-advisers.eu\/de\/?s={search_term_string}"},"query-input":{"@type":"PropertyValueSpecification","valueRequired":true,"valueName":"search_term_string"}}],"inLanguage":"de"},{"@type":"Organization","@id":"https:\/\/araminta-advisers.eu\/de\/#organization","name":"Araminta","url":"https:\/\/araminta-advisers.eu\/de\/","logo":{"@type":"ImageObject","inLanguage":"de","@id":"https:\/\/araminta-advisers.eu\/de\/#\/schema\/logo\/image\/","url":"https:\/\/araminta-advisers.eu\/wp-content\/uploads\/2025\/04\/araminta-logo-green.png","contentUrl":"https:\/\/araminta-advisers.eu\/wp-content\/uploads\/2025\/04\/araminta-logo-green.png","width":1171,"height":283,"caption":"Araminta"},"image":{"@id":"https:\/\/araminta-advisers.eu\/de\/#\/schema\/logo\/image\/"}},{"@type":"Person","@id":"https:\/\/araminta-advisers.eu\/de\/#\/schema\/person\/fcacd863f3fe7d84b416e37d9289eabe","name":"ama","image":{"@type":"ImageObject","inLanguage":"de","@id":"https:\/\/secure.gravatar.com\/avatar\/de7f0d6eb2b5ff3b5520d371cb9b7037f041c95d658a8f59142e6905f452da37?s=96&d=mm&r=g","url":"https:\/\/secure.gravatar.com\/avatar\/de7f0d6eb2b5ff3b5520d371cb9b7037f041c95d658a8f59142e6905f452da37?s=96&d=mm&r=g","contentUrl":"https:\/\/secure.gravatar.com\/avatar\/de7f0d6eb2b5ff3b5520d371cb9b7037f041c95d658a8f59142e6905f452da37?s=96&d=mm&r=g","caption":"ama"},"url":"https:\/\/araminta-advisers.eu\/de\/author\/ama\/"}]}},"_links":{"self":[{"href":"https:\/\/araminta-advisers.eu\/de\/wp-json\/wp\/v2\/posts\/1805","targetHints":{"allow":["GET"]}}],"collection":[{"href":"https:\/\/araminta-advisers.eu\/de\/wp-json\/wp\/v2\/posts"}],"about":[{"href":"https:\/\/araminta-advisers.eu\/de\/wp-json\/wp\/v2\/types\/post"}],"author":[{"embeddable":true,"href":"https:\/\/araminta-advisers.eu\/de\/wp-json\/wp\/v2\/users\/3"}],"replies":[{"embeddable":true,"href":"https:\/\/araminta-advisers.eu\/de\/wp-json\/wp\/v2\/comments?post=1805"}],"version-history":[{"count":8,"href":"https:\/\/araminta-advisers.eu\/de\/wp-json\/wp\/v2\/posts\/1805\/revisions"}],"predecessor-version":[{"id":1815,"href":"https:\/\/araminta-advisers.eu\/de\/wp-json\/wp\/v2\/posts\/1805\/revisions\/1815"}],"wp:featuredmedia":[{"embeddable":true,"href":"https:\/\/araminta-advisers.eu\/de\/wp-json\/wp\/v2\/media\/1804"}],"wp:attachment":[{"href":"https:\/\/araminta-advisers.eu\/de\/wp-json\/wp\/v2\/media?parent=1805"}],"wp:term":[{"taxonomy":"category","embeddable":true,"href":"https:\/\/araminta-advisers.eu\/de\/wp-json\/wp\/v2\/categories?post=1805"},{"taxonomy":"post_tag","embeddable":true,"href":"https:\/\/araminta-advisers.eu\/de\/wp-json\/wp\/v2\/tags?post=1805"}],"curies":[{"name":"wp","href":"https:\/\/api.w.org\/{rel}","templated":true}]}}